{"id":1007,"date":"2016-08-31T17:07:30","date_gmt":"2016-08-31T16:07:30","guid":{"rendered":"http:\/\/www.schulverein-gaw.de\/blog\/?p=1007"},"modified":"2017-09-18T13:45:32","modified_gmt":"2017-09-18T12:45:32","slug":"niedersaechsischer-blaeserklassentag-2016-in-verden","status":"publish","type":"post","link":"http:\/\/www.schulverein-gaw.de\/blog\/2016\/08\/niedersaechsischer-blaeserklassentag-2016-in-verden\/","title":{"rendered":"Nieders\u00e4chsischer Bl\u00e4serklassentag 2016 in Verden"},"content":{"rendered":"<p>Nachtr\u00e4glich vielen Dank an alle Helfer!<br \/>\n<img decoding=\"async\" loading=\"lazy\" class=\"alignnone wp-image-1005\" src=\"\/blog\/uploads\/2016\/08\/IMG_1022-590x443.jpg\" alt=\"IMG_1022\" width=\"277\" height=\"211\" \/>\u00a0<img decoding=\"async\" loading=\"lazy\" class=\"alignnone wp-image-1006\" src=\"\/blog\/uploads\/2016\/08\/IMG_1020-590x443.jpg\" alt=\"IMG_1020\" width=\"269\" height=\"204\" \/><\/p>\n","protected":false},"excerpt":{"rendered":"<p>Nachtr\u00e4glich vielen Dank an alle Helfer! \u00a0<\/p>\n","protected":false},"author":8,"featured_media":0,"comment_status":"closed","ping_status":"open","sticky":false,"template":"","format":"standard","meta":[],"categories":[5],"tags":[],"_links":{"self":[{"href":"http:\/\/www.schulverein-gaw.de\/blog\/wp-json\/wp\/v2\/posts\/1007"}],"collection":[{"href":"http:\/\/www.schulverein-gaw.de\/blog\/wp-json\/wp\/v2\/posts"}],"about":[{"href":"http:\/\/www.schulverein-gaw.de\/blog\/wp-json\/wp\/v2\/types\/post"}],"author":[{"embeddable":true,"href":"http:\/\/www.schulverein-gaw.de\/blog\/wp-json\/wp\/v2\/users\/8"}],"replies":[{"embeddable":true,"href":"http:\/\/www.schulverein-gaw.de\/blog\/wp-json\/wp\/v2\/comments?post=1007"}],"version-history":[{"count":5,"href":"http:\/\/www.schulverein-gaw.de\/blog\/wp-json\/wp\/v2\/posts\/1007\/revisions"}],"predecessor-version":[{"id":1102,"href":"http:\/\/www.schulverein-gaw.de\/blog\/wp-json\/wp\/v2\/posts\/1007\/revisions\/1102"}],"wp:attachment":[{"href":"http:\/\/www.schulverein-gaw.de\/blog\/wp-json\/wp\/v2\/media?parent=1007"}],"wp:term":[{"taxonomy":"category","embeddable":true,"href":"http:\/\/www.schulverein-gaw.de\/blog\/wp-json\/wp\/v2\/categories?post=1007"},{"taxonomy":"post_tag","embeddable":true,"href":"http:\/\/www.schulverein-gaw.de\/blog\/wp-json\/wp\/v2\/tags?post=1007"}],"curies":[{"name":"wp","href":"https:\/\/api.w.org\/{rel}","templated":true}]}}