{"id":705,"date":"2014-09-30T06:00:53","date_gmt":"2014-09-30T05:00:53","guid":{"rendered":"http:\/\/www.schulverein-gaw.de\/blog\/?p=705"},"modified":"2014-10-13T14:22:30","modified_gmt":"2014-10-13T13:22:30","slug":"marc-schnau-neuer-1-vorsitzender","status":"publish","type":"post","link":"http:\/\/www.schulverein-gaw.de\/blog\/2014\/09\/marc-schnau-neuer-1-vorsitzender\/","title":{"rendered":"Marc Schnau neuer 1. Vorsitzender"},"content":{"rendered":"<div id=\"attachment_706\" style=\"width: 160px\" class=\"wp-caption alignleft\"><a href=\"\/blog\/uploads\/2014\/10\/marc_schnau.jpg\"><img aria-describedby=\"caption-attachment-706\" decoding=\"async\" loading=\"lazy\" class=\"wp-image-706\" src=\"\/blog\/uploads\/2014\/10\/marc_schnau.jpg\" alt=\"marc_schnau\" width=\"150\" height=\"150\" srcset=\"\/blog\/uploads\/2014\/10\/marc_schnau.jpg 478w, \/blog\/uploads\/2014\/10\/marc_schnau-300x300.jpg 300w\" sizes=\"(max-width: 150px) 100vw, 150px\" \/><\/a><p id=\"caption-attachment-706\" class=\"wp-caption-text\">Marc Schnau<\/p><\/div>\n<p>Am 23. September 2014 wurde Marc Schnau auf der Au\u00dferordentlichen Mitgliederversammlung einstimmig zum neuen 1. Vorsitzenden des Schulvereins gew\u00e4hlt. Er tritt damit die Nachfolge von Elke Behnken an.<\/p>\n<p>Wir w\u00fcnschen Marc Schnau viel Erfolg und vor allem auch viel Spa\u00df in dem Amt.<\/p>\n<p>&nbsp;<\/p>\n","protected":false},"excerpt":{"rendered":"<p>Am 23. September 2014 wurde Marc Schnau auf der Au\u00dferordentlichen Mitgliederversammlung einstimmig zum neuen 1. Vorsitzenden des Schulvereins gew\u00e4hlt. Er tritt damit die Nachfolge von Elke Behnken an. Wir w\u00fcnschen Marc Schnau viel Erfolg und vor allem auch viel Spa\u00df &hellip; <a href=\"http:\/\/www.schulverein-gaw.de\/blog\/2014\/09\/marc-schnau-neuer-1-vorsitzender\/\">Weiterlesen <span class=\"meta-nav\">&rarr;<\/span><\/a><\/p>\n","protected":false},"author":12,"featured_media":0,"comment_status":"closed","ping_status":"open","sticky":false,"template":"","format":"standard","meta":[],"categories":[1],"tags":[],"_links":{"self":[{"href":"http:\/\/www.schulverein-gaw.de\/blog\/wp-json\/wp\/v2\/posts\/705"}],"collection":[{"href":"http:\/\/www.schulverein-gaw.de\/blog\/wp-json\/wp\/v2\/posts"}],"about":[{"href":"http:\/\/www.schulverein-gaw.de\/blog\/wp-json\/wp\/v2\/types\/post"}],"author":[{"embeddable":true,"href":"http:\/\/www.schulverein-gaw.de\/blog\/wp-json\/wp\/v2\/users\/12"}],"replies":[{"embeddable":true,"href":"http:\/\/www.schulverein-gaw.de\/blog\/wp-json\/wp\/v2\/comments?post=705"}],"version-history":[{"count":2,"href":"http:\/\/www.schulverein-gaw.de\/blog\/wp-json\/wp\/v2\/posts\/705\/revisions"}],"predecessor-version":[{"id":713,"href":"http:\/\/www.schulverein-gaw.de\/blog\/wp-json\/wp\/v2\/posts\/705\/revisions\/713"}],"wp:attachment":[{"href":"http:\/\/www.schulverein-gaw.de\/blog\/wp-json\/wp\/v2\/media?parent=705"}],"wp:term":[{"taxonomy":"category","embeddable":true,"href":"http:\/\/www.schulverein-gaw.de\/blog\/wp-json\/wp\/v2\/categories?post=705"},{"taxonomy":"post_tag","embeddable":true,"href":"http:\/\/www.schulverein-gaw.de\/blog\/wp-json\/wp\/v2\/tags?post=705"}],"curies":[{"name":"wp","href":"https:\/\/api.w.org\/{rel}","templated":true}]}}