{"id":717,"date":"2014-10-14T20:00:41","date_gmt":"2014-10-14T19:00:41","guid":{"rendered":"http:\/\/www.schulverein-gaw.de\/blog\/?p=717"},"modified":"2014-10-14T10:51:21","modified_gmt":"2014-10-14T09:51:21","slug":"konzert-der-blaeserklasse-2013-und-dem-modernen-orchester-tus-syke","status":"publish","type":"post","link":"http:\/\/www.schulverein-gaw.de\/blog\/2014\/10\/konzert-der-blaeserklasse-2013-und-dem-modernen-orchester-tus-syke\/","title":{"rendered":"Konzert der Bl\u00e4serklasse 2013 und dem Modernen Orchester TuS Syke"},"content":{"rendered":"<p style=\"text-align: justify;\">Am Freitag, 24. Oktober 2014 um 19:00 h l\u00e4dt der Schulverein zum\u00a0traditionellen Begr\u00fc\u00dfungskonzert f\u00fcr die neue Bl\u00e4serklasse\u00a0alle Eltern, Sch\u00fcler, Lehrer und Interessierte in die Aula des Gymnasiums am Wall ein. F\u00fcr diese besondere Veranstaltung konnte in diesem Jahr das Modernen Orchester TuS Syke gewonnen werden, welches den Abend bestimmt mit einem abwechslungsreiche Programm zu einem besonderen Erlebnis werden l\u00e4sst.<\/p>\n<div id=\"attachment_718\" style=\"width: 320px\" class=\"wp-caption alignnone\"><a href=\"\/blog\/uploads\/2014\/10\/TuS-Syke.jpg\"><img aria-describedby=\"caption-attachment-718\" decoding=\"async\" loading=\"lazy\" class=\"wp-image-718 size-thumbnail\" src=\"\/blog\/uploads\/2014\/10\/TuS-Syke-310x150.jpg\" alt=\"TuS Syke\" width=\"310\" height=\"150\" \/><\/a><p id=\"caption-attachment-718\" class=\"wp-caption-text\">Quelle: Homepage Modernes Orchester TuS Syke<\/p><\/div>\n<p>Eintrittskarten k\u00f6nnen in der Bibliothek des GaW, bei der Buchhandlung Mahnke und der Touristikinformation in Verden zu einem Preis von 7 \u20ac (erm\u00e4\u00dfigt: 3 \u20ac) erworben werden.<\/p>\n","protected":false},"excerpt":{"rendered":"<p>Am Freitag, 24. Oktober 2014 um 19:00 h l\u00e4dt der Schulverein zum\u00a0traditionellen Begr\u00fc\u00dfungskonzert f\u00fcr die neue Bl\u00e4serklasse\u00a0alle Eltern, Sch\u00fcler, Lehrer und Interessierte in die Aula des Gymnasiums am Wall ein. F\u00fcr diese besondere Veranstaltung konnte in diesem Jahr das Modernen &hellip; <a href=\"http:\/\/www.schulverein-gaw.de\/blog\/2014\/10\/konzert-der-blaeserklasse-2013-und-dem-modernen-orchester-tus-syke\/\">Weiterlesen <span class=\"meta-nav\">&rarr;<\/span><\/a><\/p>\n","protected":false},"author":12,"featured_media":0,"comment_status":"closed","ping_status":"open","sticky":false,"template":"","format":"standard","meta":[],"categories":[5],"tags":[],"_links":{"self":[{"href":"http:\/\/www.schulverein-gaw.de\/blog\/wp-json\/wp\/v2\/posts\/717"}],"collection":[{"href":"http:\/\/www.schulverein-gaw.de\/blog\/wp-json\/wp\/v2\/posts"}],"about":[{"href":"http:\/\/www.schulverein-gaw.de\/blog\/wp-json\/wp\/v2\/types\/post"}],"author":[{"embeddable":true,"href":"http:\/\/www.schulverein-gaw.de\/blog\/wp-json\/wp\/v2\/users\/12"}],"replies":[{"embeddable":true,"href":"http:\/\/www.schulverein-gaw.de\/blog\/wp-json\/wp\/v2\/comments?post=717"}],"version-history":[{"count":3,"href":"http:\/\/www.schulverein-gaw.de\/blog\/wp-json\/wp\/v2\/posts\/717\/revisions"}],"predecessor-version":[{"id":721,"href":"http:\/\/www.schulverein-gaw.de\/blog\/wp-json\/wp\/v2\/posts\/717\/revisions\/721"}],"wp:attachment":[{"href":"http:\/\/www.schulverein-gaw.de\/blog\/wp-json\/wp\/v2\/media?parent=717"}],"wp:term":[{"taxonomy":"category","embeddable":true,"href":"http:\/\/www.schulverein-gaw.de\/blog\/wp-json\/wp\/v2\/categories?post=717"},{"taxonomy":"post_tag","embeddable":true,"href":"http:\/\/www.schulverein-gaw.de\/blog\/wp-json\/wp\/v2\/tags?post=717"}],"curies":[{"name":"wp","href":"https:\/\/api.w.org\/{rel}","templated":true}]}}