{"id":742,"date":"2014-11-26T18:00:08","date_gmt":"2014-11-26T17:00:08","guid":{"rendered":"http:\/\/www.schulverein-gaw.de\/blog\/?p=742"},"modified":"2014-11-27T09:29:08","modified_gmt":"2014-11-27T08:29:08","slug":"praesentationstag-2014-2","status":"publish","type":"post","link":"http:\/\/www.schulverein-gaw.de\/blog\/2014\/11\/praesentationstag-2014-2\/","title":{"rendered":"Pr\u00e4sentationstag 2014"},"content":{"rendered":"<div id=\"attachment_743\" style=\"width: 320px\" class=\"wp-caption alignleft\"><a href=\"\/blog\/uploads\/2014\/11\/Schulverein_2.jpg\"><img aria-describedby=\"caption-attachment-743\" decoding=\"async\" loading=\"lazy\" class=\"wp-image-743 size-thumbnail\" src=\"\/blog\/uploads\/2014\/11\/Schulverein_2-310x150.jpg\" alt=\"Pr\u00e4sentationstag 2014\" width=\"310\" height=\"150\" \/><\/a><p id=\"caption-attachment-743\" class=\"wp-caption-text\">Pr\u00e4sentationstag 2014<\/p><\/div>\n<p style=\"text-align: justify;\">Auch in diesem Jahr war wieder jede Menge los am Pr\u00e4sentionstag des Gymnasiums am Wall.<br \/>\nDer Schulverein konnte durch zahlreiche Kuchenspenden aus der Elternschaft f\u00fcr ein ab-wechslungsreiches Kuchenb\u00fcffet in der Mensa sorgen. Es war f\u00fcr jeden etwas dabei.<br \/>\nViele HelferInnen sind dem Aufruf des Schulvereins gefolgt und haben dazu beigetragen, dass auch in diesem Jahr der &#8222;Ansturm&#8220; auf das Kuchenb\u00fcffet reibungslos <span style=\"color: #000000;\">von statten gehen konnte.<br \/>\n<\/span>Hierf\u00fcr bedanken sich alle Mitglieder des Schulverein-Vorstandes recht herzlich!<\/p>\n<p style=\"text-align: justify;\">\n","protected":false},"excerpt":{"rendered":"<p>Auch in diesem Jahr war wieder jede Menge los am Pr\u00e4sentionstag des Gymnasiums am Wall. Der Schulverein konnte durch zahlreiche Kuchenspenden aus der Elternschaft f\u00fcr ein ab-wechslungsreiches Kuchenb\u00fcffet in der Mensa sorgen. Es war f\u00fcr jeden etwas dabei. Viele HelferInnen &hellip; <a href=\"http:\/\/www.schulverein-gaw.de\/blog\/2014\/11\/praesentationstag-2014-2\/\">Weiterlesen <span class=\"meta-nav\">&rarr;<\/span><\/a><\/p>\n","protected":false},"author":12,"featured_media":0,"comment_status":"closed","ping_status":"open","sticky":false,"template":"","format":"standard","meta":[],"categories":[6,5],"tags":[],"_links":{"self":[{"href":"http:\/\/www.schulverein-gaw.de\/blog\/wp-json\/wp\/v2\/posts\/742"}],"collection":[{"href":"http:\/\/www.schulverein-gaw.de\/blog\/wp-json\/wp\/v2\/posts"}],"about":[{"href":"http:\/\/www.schulverein-gaw.de\/blog\/wp-json\/wp\/v2\/types\/post"}],"author":[{"embeddable":true,"href":"http:\/\/www.schulverein-gaw.de\/blog\/wp-json\/wp\/v2\/users\/12"}],"replies":[{"embeddable":true,"href":"http:\/\/www.schulverein-gaw.de\/blog\/wp-json\/wp\/v2\/comments?post=742"}],"version-history":[{"count":7,"href":"http:\/\/www.schulverein-gaw.de\/blog\/wp-json\/wp\/v2\/posts\/742\/revisions"}],"predecessor-version":[{"id":751,"href":"http:\/\/www.schulverein-gaw.de\/blog\/wp-json\/wp\/v2\/posts\/742\/revisions\/751"}],"wp:attachment":[{"href":"http:\/\/www.schulverein-gaw.de\/blog\/wp-json\/wp\/v2\/media?parent=742"}],"wp:term":[{"taxonomy":"category","embeddable":true,"href":"http:\/\/www.schulverein-gaw.de\/blog\/wp-json\/wp\/v2\/categories?post=742"},{"taxonomy":"post_tag","embeddable":true,"href":"http:\/\/www.schulverein-gaw.de\/blog\/wp-json\/wp\/v2\/tags?post=742"}],"curies":[{"name":"wp","href":"https:\/\/api.w.org\/{rel}","templated":true}]}}