{"id":895,"date":"2015-09-28T12:08:09","date_gmt":"2015-09-28T11:08:09","guid":{"rendered":"http:\/\/www.schulverein-gaw.de\/blog\/?p=895"},"modified":"2015-09-30T10:33:05","modified_gmt":"2015-09-30T09:33:05","slug":"konzert-der-blaeserklasse-2014-mit-dem-verden-blasorchester-im-tsv-borstel","status":"publish","type":"post","link":"http:\/\/www.schulverein-gaw.de\/blog\/2015\/09\/konzert-der-blaeserklasse-2014-mit-dem-verden-blasorchester-im-tsv-borstel\/","title":{"rendered":"Konzert der Bl\u00e4serklasse 2014 mit dem Verden Blasorchester im TSV Borstel"},"content":{"rendered":"<p style=\"text-align: justify;\"><a href=\"\/blog\/uploads\/2015\/09\/Verdener-Blasorchester-im-TSV-Borstel.jpg\"><img decoding=\"async\" loading=\"lazy\" class=\"  wp-image-898 aligncenter\" src=\"\/blog\/uploads\/2015\/09\/Verdener-Blasorchester-im-TSV-Borstel-590x393.jpg\" alt=\"Verdener Blasorchester im TSV Borstel\" width=\"459\" height=\"306\" srcset=\"\/blog\/uploads\/2015\/09\/Verdener-Blasorchester-im-TSV-Borstel-590x393.jpg 590w, \/blog\/uploads\/2015\/09\/Verdener-Blasorchester-im-TSV-Borstel-950x633.jpg 950w, \/blog\/uploads\/2015\/09\/Verdener-Blasorchester-im-TSV-Borstel-450x300.jpg 450w, \/blog\/uploads\/2015\/09\/Verdener-Blasorchester-im-TSV-Borstel.jpg 2048w\" sizes=\"(max-width: 459px) 100vw, 459px\" \/><\/a>Am Donnerstag, den 15. Oktober 2015 um 19:00 h l\u00e4dt der Schulverein zum mittlerweile traditionellen Begr\u00fc\u00dfungskonzert f\u00fcr die neue Bl\u00e4serklasse alle Eltern, Sch\u00fcler, Lehrer und Interessierte in die Aula des Gymnasiums am Wall ein.<br \/>\nIn diesem Jahr konnte das Verdener Blasorchester\u00a0im TSV Borstel\u00a0gewonnen werden, welches den Abend bestimmt mit einem\u00a0stimmungsvollen Programm zu einem besonderen Erlebnis werden l\u00e4sst.<\/p>\n","protected":false},"excerpt":{"rendered":"<p>Am Donnerstag, den 15. Oktober 2015 um 19:00 h l\u00e4dt der Schulverein zum mittlerweile traditionellen Begr\u00fc\u00dfungskonzert f\u00fcr die neue Bl\u00e4serklasse alle Eltern, Sch\u00fcler, Lehrer und Interessierte in die Aula des Gymnasiums am Wall ein. In diesem Jahr konnte das Verdener &hellip; <a href=\"http:\/\/www.schulverein-gaw.de\/blog\/2015\/09\/konzert-der-blaeserklasse-2014-mit-dem-verden-blasorchester-im-tsv-borstel\/\">Weiterlesen <span class=\"meta-nav\">&rarr;<\/span><\/a><\/p>\n","protected":false},"author":12,"featured_media":0,"comment_status":"closed","ping_status":"open","sticky":false,"template":"","format":"standard","meta":[],"categories":[5],"tags":[],"_links":{"self":[{"href":"http:\/\/www.schulverein-gaw.de\/blog\/wp-json\/wp\/v2\/posts\/895"}],"collection":[{"href":"http:\/\/www.schulverein-gaw.de\/blog\/wp-json\/wp\/v2\/posts"}],"about":[{"href":"http:\/\/www.schulverein-gaw.de\/blog\/wp-json\/wp\/v2\/types\/post"}],"author":[{"embeddable":true,"href":"http:\/\/www.schulverein-gaw.de\/blog\/wp-json\/wp\/v2\/users\/12"}],"replies":[{"embeddable":true,"href":"http:\/\/www.schulverein-gaw.de\/blog\/wp-json\/wp\/v2\/comments?post=895"}],"version-history":[{"count":5,"href":"http:\/\/www.schulverein-gaw.de\/blog\/wp-json\/wp\/v2\/posts\/895\/revisions"}],"predecessor-version":[{"id":905,"href":"http:\/\/www.schulverein-gaw.de\/blog\/wp-json\/wp\/v2\/posts\/895\/revisions\/905"}],"wp:attachment":[{"href":"http:\/\/www.schulverein-gaw.de\/blog\/wp-json\/wp\/v2\/media?parent=895"}],"wp:term":[{"taxonomy":"category","embeddable":true,"href":"http:\/\/www.schulverein-gaw.de\/blog\/wp-json\/wp\/v2\/categories?post=895"},{"taxonomy":"post_tag","embeddable":true,"href":"http:\/\/www.schulverein-gaw.de\/blog\/wp-json\/wp\/v2\/tags?post=895"}],"curies":[{"name":"wp","href":"https:\/\/api.w.org\/{rel}","templated":true}]}}